{"id":1100,"date":"2026-09-04T12:13:57","date_gmt":"2026-09-04T12:13:57","guid":{"rendered":"https:\/\/www.iessa.edu.br\/site\/?p=1100"},"modified":"2026-09-04T12:19:16","modified_gmt":"2026-09-04T12:19:16","slug":"semana-da-educacao-fisica-promove-integracao-esporte-e-atualizacao-profissional-na-faculdade","status":"publish","type":"post","link":"https:\/\/www.iessa.edu.br\/site\/semana-da-educacao-fisica-promove-integracao-esporte-e-atualizacao-profissional-na-faculdade\/","title":{"rendered":"Semana da Educa\u00e7\u00e3o F\u00edsica promove integra\u00e7\u00e3o, esporte e atualiza\u00e7\u00e3o profissional na Faculdade"},"content":{"rendered":"<p class=\"isSelectedEnd\">Entre os dias <strong>1\u00ba e 3 de setembro<\/strong>, a Faculdade realizou mais uma edi\u00e7\u00e3o da <strong>Semana da Educa\u00e7\u00e3o F\u00edsica<\/strong>, reunindo acad\u00eamicos, professores e convidados em uma programa\u00e7\u00e3o voltada \u00e0 atualiza\u00e7\u00e3o de conhecimentos, \u00e0 pr\u00e1tica esportiva e \u00e0 integra\u00e7\u00e3o entre as turmas.<\/p>\n<p class=\"isSelectedEnd\">A abertura do evento, no dia <strong>1\u00ba de setembro<\/strong>, contou com um ciclo de palestras ministradas pelos professores <strong>Luiz Miguel Pitome<\/strong>, <strong>Andr\u00e9 Reis<\/strong>, <strong>Fernando Voinarovicz<\/strong> e <strong>Rafael Chaicoski<\/strong>. Durante os encontros, foram abordados temas de grande relev\u00e2ncia para a atua\u00e7\u00e3o do profissional de Educa\u00e7\u00e3o F\u00edsica, como <strong>s\u00edndrome metab\u00f3lica<\/strong>, <strong>estrat\u00e9gias para o aumento do VO\u2082 M\u00e1x<\/strong>, <strong>hipertrofia muscular<\/strong>, al\u00e9m de discuss\u00f5es sobre <strong>coluna vertebral, postura e preven\u00e7\u00e3o de les\u00f5es<\/strong>. As apresenta\u00e7\u00f5es proporcionaram aos estudantes a oportunidade de ampliar seus conhecimentos por meio de conte\u00fados atuais e fundamentados na pr\u00e1tica profissional.<\/p>\n<p class=\"isSelectedEnd\">No <strong>segundo dia<\/strong>, o esp\u00edrito esportivo tomou conta da programa\u00e7\u00e3o com a realiza\u00e7\u00e3o do <strong>Campeonato de Futebol Society<\/strong>, que reuniu equipes das diferentes turmas do curso. A competi\u00e7\u00e3o foi marcada pela integra\u00e7\u00e3o, trabalho em equipe e incentivo \u00e0 pr\u00e1tica esportiva, fortalecendo os la\u00e7os entre os acad\u00eamicos.<\/p>\n<p class=\"isSelectedEnd\">Encerrando a Semana da Educa\u00e7\u00e3o F\u00edsica, no <strong>dia 3 de setembro<\/strong>, aconteceu o <strong>Campeonato de Voleibol<\/strong>, que contou com a participa\u00e7\u00e3o dos estudantes em partidas disputadas com muita dedica\u00e7\u00e3o, respeito e esp\u00edrito de equipe. O evento proporcionou momentos de confraterniza\u00e7\u00e3o e refor\u00e7ou a import\u00e2ncia do esporte como ferramenta de desenvolvimento humano e profissional.<\/p>\n<p>A Semana da Educa\u00e7\u00e3o F\u00edsica reafirma o compromisso da Faculdade com uma forma\u00e7\u00e3o acad\u00eamica que alia conhecimento cient\u00edfico, viv\u00eancias pr\u00e1ticas e integra\u00e7\u00e3o entre a comunidade acad\u00eamica, contribuindo para a forma\u00e7\u00e3o de profissionais cada vez mais preparados para os desafios da \u00e1rea.<\/p>\n<p><img fetchpriority=\"high\" decoding=\"async\" class=\"alignnone wp-image-1102\" src=\"https:\/\/www.iessa.edu.br\/site\/wp-content\/uploads\/2026\/09\/WhatsApp-Image-2026-09-04-at-07.23.54-300x225.jpeg\" alt=\"\" width=\"837\" height=\"628\" srcset=\"https:\/\/www.iessa.edu.br\/site\/wp-content\/uploads\/2026\/09\/WhatsApp-Image-2026-09-04-at-07.23.54-300x225.jpeg 300w, https:\/\/www.iessa.edu.br\/site\/wp-content\/uploads\/2026\/09\/WhatsApp-Image-2026-09-04-at-07.23.54-1024x768.jpeg 1024w, https:\/\/www.iessa.edu.br\/site\/wp-content\/uploads\/2026\/09\/WhatsApp-Image-2026-09-04-at-07.23.54-768x576.jpeg 768w, https:\/\/www.iessa.edu.br\/site\/wp-content\/uploads\/2026\/09\/WhatsApp-Image-2026-09-04-at-07.23.54-1536x1152.jpeg 1536w, https:\/\/www.iessa.edu.br\/site\/wp-content\/uploads\/2026\/09\/WhatsApp-Image-2026-09-04-at-07.23.54.jpeg 1600w\" sizes=\"(max-width: 837px) 100vw, 837px\" \/><\/p>\n<p><img decoding=\"async\" class=\"alignnone wp-image-1104\" src=\"https:\/\/www.iessa.edu.br\/site\/wp-content\/uploads\/2026\/09\/WhatsApp-Image-2026-09-04-at-07.20.42-300x225.jpeg\" alt=\"\" width=\"837\" height=\"628\" srcset=\"https:\/\/www.iessa.edu.br\/site\/wp-content\/uploads\/2026\/09\/WhatsApp-Image-2026-09-04-at-07.20.42-300x225.jpeg 300w, https:\/\/www.iessa.edu.br\/site\/wp-content\/uploads\/2026\/09\/WhatsApp-Image-2026-09-04-at-07.20.42-1024x768.jpeg 1024w, https:\/\/www.iessa.edu.br\/site\/wp-content\/uploads\/2026\/09\/WhatsApp-Image-2026-09-04-at-07.20.42-768x576.jpeg 768w, https:\/\/www.iessa.edu.br\/site\/wp-content\/uploads\/2026\/09\/WhatsApp-Image-2026-09-04-at-07.20.42-1536x1152.jpeg 1536w, https:\/\/www.iessa.edu.br\/site\/wp-content\/uploads\/2026\/09\/WhatsApp-Image-2026-09-04-at-07.20.42.jpeg 1600w\" sizes=\"(max-width: 837px) 100vw, 837px\" \/> <img decoding=\"async\" class=\"alignnone wp-image-1107\" src=\"https:\/\/www.iessa.edu.br\/site\/wp-content\/uploads\/2026\/09\/WhatsApp-Image-2026-09-04-at-07.23.17-300x225.jpeg\" alt=\"\" width=\"840\" height=\"630\" srcset=\"https:\/\/www.iessa.edu.br\/site\/wp-content\/uploads\/2026\/09\/WhatsApp-Image-2026-09-04-at-07.23.17-300x225.jpeg 300w, https:\/\/www.iessa.edu.br\/site\/wp-content\/uploads\/2026\/09\/WhatsApp-Image-2026-09-04-at-07.23.17-1024x768.jpeg 1024w, https:\/\/www.iessa.edu.br\/site\/wp-content\/uploads\/2026\/09\/WhatsApp-Image-2026-09-04-at-07.23.17-768x576.jpeg 768w, https:\/\/www.iessa.edu.br\/site\/wp-content\/uploads\/2026\/09\/WhatsApp-Image-2026-09-04-at-07.23.17-1536x1152.jpeg 1536w, https:\/\/www.iessa.edu.br\/site\/wp-content\/uploads\/2026\/09\/WhatsApp-Image-2026-09-04-at-07.23.17.jpeg 1600w\" sizes=\"(max-width: 840px) 100vw, 840px\" \/><\/p>\n<p><img loading=\"lazy\" decoding=\"async\" class=\"alignnone  wp-image-1111\" src=\"https:\/\/www.iessa.edu.br\/site\/wp-content\/uploads\/2026\/09\/WhatsApp-Image-2026-09-04-at-07.23.17-2-300x157.jpeg\" alt=\"\" width=\"841\" height=\"440\" srcset=\"https:\/\/www.iessa.edu.br\/site\/wp-content\/uploads\/2026\/09\/WhatsApp-Image-2026-09-04-at-07.23.17-2-300x157.jpeg 300w, https:\/\/www.iessa.edu.br\/site\/wp-content\/uploads\/2026\/09\/WhatsApp-Image-2026-09-04-at-07.23.17-2-768x401.jpeg 768w, https:\/\/www.iessa.edu.br\/site\/wp-content\/uploads\/2026\/09\/WhatsApp-Image-2026-09-04-at-07.23.17-2.jpeg 966w\" sizes=\"(max-width: 841px) 100vw, 841px\" \/><\/p>\n","protected":false},"excerpt":{"rendered":"<p>Entre os dias 1\u00ba e 3 de setembro, a Faculdade realizou mais uma edi\u00e7\u00e3o da Semana da Educa\u00e7\u00e3o F\u00edsica, reunindo acad\u00eamicos, professores e convidados em uma programa\u00e7\u00e3o voltada \u00e0 atualiza\u00e7\u00e3o de conhecimentos, \u00e0 pr\u00e1tica esportiva e \u00e0 integra\u00e7\u00e3o entre as turmas. A abertura do evento, no dia 1\u00ba de setembro, contou com um ciclo de [&hellip;]<\/p>\n","protected":false},"author":5,"featured_media":1110,"comment_status":"open","ping_status":"open","sticky":false,"template":"","format":"standard","meta":{"footnotes":""},"categories":[6],"tags":[],"class_list":["post-1100","post","type-post","status-publish","format-standard","has-post-thumbnail","hentry","category-noticias"],"_links":{"self":[{"href":"https:\/\/www.iessa.edu.br\/site\/wp-json\/wp\/v2\/posts\/1100","targetHints":{"allow":["GET"]}}],"collection":[{"href":"https:\/\/www.iessa.edu.br\/site\/wp-json\/wp\/v2\/posts"}],"about":[{"href":"https:\/\/www.iessa.edu.br\/site\/wp-json\/wp\/v2\/types\/post"}],"author":[{"embeddable":true,"href":"https:\/\/www.iessa.edu.br\/site\/wp-json\/wp\/v2\/users\/5"}],"replies":[{"embeddable":true,"href":"https:\/\/www.iessa.edu.br\/site\/wp-json\/wp\/v2\/comments?post=1100"}],"version-history":[{"count":4,"href":"https:\/\/www.iessa.edu.br\/site\/wp-json\/wp\/v2\/posts\/1100\/revisions"}],"predecessor-version":[{"id":1112,"href":"https:\/\/www.iessa.edu.br\/site\/wp-json\/wp\/v2\/posts\/1100\/revisions\/1112"}],"wp:featuredmedia":[{"embeddable":true,"href":"https:\/\/www.iessa.edu.br\/site\/wp-json\/wp\/v2\/media\/1110"}],"wp:attachment":[{"href":"https:\/\/www.iessa.edu.br\/site\/wp-json\/wp\/v2\/media?parent=1100"}],"wp:term":[{"taxonomy":"category","embeddable":true,"href":"https:\/\/www.iessa.edu.br\/site\/wp-json\/wp\/v2\/categories?post=1100"},{"taxonomy":"post_tag","embeddable":true,"href":"https:\/\/www.iessa.edu.br\/site\/wp-json\/wp\/v2\/tags?post=1100"}],"curies":[{"name":"wp","href":"https:\/\/api.w.org\/{rel}","templated":true}]}}